{"id":266,"date":"2022-12-14T13:08:45","date_gmt":"2022-12-14T13:08:45","guid":{"rendered":"https:\/\/freshnews.colegiulcatolicbacau.ro\/?p=266"},"modified":"2022-12-14T19:36:54","modified_gmt":"2022-12-14T19:36:54","slug":"266","status":"publish","type":"post","link":"https:\/\/freshnews.colegiulcatolicbacau.ro\/index.php\/2022\/12\/14\/266\/","title":{"rendered":"Dorinta mea pentru viitor\ufffc"},"content":{"rendered":"\n<p>Buna , ma numesc Camelia ,am 16 ani \u0219i studiez la Colegiul Na\u021bional Catolic in clasa a XI a. M am confruntat foarte mult timp cu \u00eentreb\u0103ri de genul &#8220;Eu ce vreau sa fac pe viitor?&#8221;; &#8220;Mie ce \u00eemi place sa fac?&#8221; ; &#8220;Dac\u0103 facultatea pe care o sa o aleg nu o sa fie potrivita?&#8221; \u0219i multe alte \u00eentreb\u0103ri de genul. Presiunea cred ca era pusa mai mult de cei din jurul meu care ma \u00eentrebau constat dac\u0103 am decis ce vreau sa fac, la fiecare reuniune de familie asta era prima \u00eentrebare \u0219i primul subiect de discu\u021bie. Intr-un final am decis ca vreau sa studiez \u00een departamentul de educator \u00eenv\u0103\u021b\u0103tor \u00een cadrul Universit\u0103\u021bii din Bucure\u0219ti.<br>Ce m-a f\u0103cut sa ma g\u00e2ndesc la aceasta op\u021biune? Eu sunt o persoana foarte calma si creativa ,mereu mi-au pl\u0103cut copiii, am f\u0103cut \u0219i voluntariat \u00een cadrul Organiza\u021biei Na\u021bionale Cercetasii Rom\u00e2niei unde petrecean destul de mult timp cu copii mai mici. De c\u00e2nd sunt mica oriunde mergeam copiii mici se lipeau de mine \u0219i st\u0103teau doar \u00een jurul meu.<br>De ce facultate la Bucure\u0219ti? Bucurestiul este un ora\u0219 \u00een care ai foarte multe posibilit\u0103\u021bi, excluz\u00e2nd posibilitatea sa ajungi la timp undeva f\u0103r\u0103 s\u0103 stai \u00een trafic. Spre exemplu dac\u0103 dore\u0219ti sa lucrezi pe timpul facult\u0103\u021bii acolo ai o varietate mai mare de locuri de munca \u00een compara\u021bie cu un ora\u0219 mai mic.<\/p>\n\n\n\n<figure class=\"wp-container-2 wp-block-gallery-1 wp-block-gallery has-nested-images columns-default is-cropped\">\n<figure class=\"wp-block-image size-large\"><img loading=\"lazy\" width=\"350\" height=\"213\" data-id=\"264\"  src=\"https:\/\/freshnews.colegiulcatolicbacau.ro\/wp-content\/uploads\/2022\/12\/Facultatea-de-Psihologie-si-Stiintele-Educatiei.jpg\" alt=\"\" class=\"wp-image-264\" srcset=\"https:\/\/freshnews.colegiulcatolicbacau.ro\/wp-content\/uploads\/2022\/12\/Facultatea-de-Psihologie-si-Stiintele-Educatiei.jpg 350w, https:\/\/freshnews.colegiulcatolicbacau.ro\/wp-content\/uploads\/2022\/12\/Facultatea-de-Psihologie-si-Stiintele-Educatiei-300x183.jpg 300w\" sizes=\"(max-width: 350px) 100vw, 350px\" \/><\/figure>\n\n\n\n<figure class=\"wp-block-image size-large\"><img loading=\"lazy\" width=\"746\" height=\"626\" data-id=\"263\"  src=\"https:\/\/freshnews.colegiulcatolicbacau.ro\/wp-content\/uploads\/2022\/12\/R-2.jpg\" alt=\"\" class=\"wp-image-263\" srcset=\"https:\/\/freshnews.colegiulcatolicbacau.ro\/wp-content\/uploads\/2022\/12\/R-2.jpg 746w, https:\/\/freshnews.colegiulcatolicbacau.ro\/wp-content\/uploads\/2022\/12\/R-2-300x252.jpg 300w\" sizes=\"(max-width: 746px) 100vw, 746px\" \/><\/figure>\n\n\n\n<figure class=\"wp-block-image size-large\"><img loading=\"lazy\" width=\"1080\" height=\"489\" data-id=\"267\"  src=\"https:\/\/freshnews.colegiulcatolicbacau.ro\/wp-content\/uploads\/2022\/12\/R-1.jpg\" alt=\"\" class=\"wp-image-267\" srcset=\"https:\/\/freshnews.colegiulcatolicbacau.ro\/wp-content\/uploads\/2022\/12\/R-1.jpg 1080w, https:\/\/freshnews.colegiulcatolicbacau.ro\/wp-content\/uploads\/2022\/12\/R-1-300x136.jpg 300w, https:\/\/freshnews.colegiulcatolicbacau.ro\/wp-content\/uploads\/2022\/12\/R-1-1024x464.jpg 1024w, https:\/\/freshnews.colegiulcatolicbacau.ro\/wp-content\/uploads\/2022\/12\/R-1-768x348.jpg 768w\" sizes=\"(max-width: 1080px) 100vw, 1080px\" \/><\/figure>\n<figcaption class=\"blocks-gallery-caption\"><font _mstmutation=\"1\" _msthash=\"1659398\"><\/font><\/figcaption><\/figure>\n","protected":false},"excerpt":{"rendered":"<p>Buna , ma numesc Camelia ,am 16 ani \u0219i studiez la Colegiul Na\u021bional Catolic in&#8230;<\/p>\n","protected":false},"author":1,"featured_media":263,"comment_status":"open","ping_status":"open","sticky":false,"template":"","format":"standard","meta":{"om_disable_all_campaigns":false,"_monsterinsights_skip_tracking":false,"_monsterinsights_sitenote_active":false,"_monsterinsights_sitenote_note":"","_monsterinsights_sitenote_category":0},"categories":[7],"tags":[],"aioseo_notices":[],"_links":{"self":[{"href":"https:\/\/freshnews.colegiulcatolicbacau.ro\/index.php\/wp-json\/wp\/v2\/posts\/266"}],"collection":[{"href":"https:\/\/freshnews.colegiulcatolicbacau.ro\/index.php\/wp-json\/wp\/v2\/posts"}],"about":[{"href":"https:\/\/freshnews.colegiulcatolicbacau.ro\/index.php\/wp-json\/wp\/v2\/types\/post"}],"author":[{"embeddable":true,"href":"https:\/\/freshnews.colegiulcatolicbacau.ro\/index.php\/wp-json\/wp\/v2\/users\/1"}],"replies":[{"embeddable":true,"href":"https:\/\/freshnews.colegiulcatolicbacau.ro\/index.php\/wp-json\/wp\/v2\/comments?post=266"}],"version-history":[{"count":5,"href":"https:\/\/freshnews.colegiulcatolicbacau.ro\/index.php\/wp-json\/wp\/v2\/posts\/266\/revisions"}],"predecessor-version":[{"id":278,"href":"https:\/\/freshnews.colegiulcatolicbacau.ro\/index.php\/wp-json\/wp\/v2\/posts\/266\/revisions\/278"}],"wp:featuredmedia":[{"embeddable":true,"href":"https:\/\/freshnews.colegiulcatolicbacau.ro\/index.php\/wp-json\/wp\/v2\/media\/263"}],"wp:attachment":[{"href":"https:\/\/freshnews.colegiulcatolicbacau.ro\/index.php\/wp-json\/wp\/v2\/media?parent=266"}],"wp:term":[{"taxonomy":"category","embeddable":true,"href":"https:\/\/freshnews.colegiulcatolicbacau.ro\/index.php\/wp-json\/wp\/v2\/categories?post=266"},{"taxonomy":"post_tag","embeddable":true,"href":"https:\/\/freshnews.colegiulcatolicbacau.ro\/index.php\/wp-json\/wp\/v2\/tags?post=266"}],"curies":[{"name":"wp","href":"https:\/\/api.w.org\/{rel}","templated":true}]}}